{"id":904,"date":"2019-02-25T14:14:47","date_gmt":"2019-02-25T13:14:47","guid":{"rendered":"http:\/\/amaltea-mujeres.org\/?p=904"},"modified":"2019-02-25T18:46:54","modified_gmt":"2019-02-25T17:46:54","slug":"inicio-de-la-fase-3-del-proyecto-objetivo-inclusion","status":"publish","type":"post","link":"http:\/\/amaltea-mujeres.org\/?p=904","title":{"rendered":"Inicio de la fase 3 del proyecto Objetivo Inclusi\u00f3n"},"content":{"rendered":"\n<p>Iniciamos\nla tercera fase del\nProyecto\nde empoderamiento de mujeres en riesgo de exclusi\u00f3n, \u00abObjetivo\nInclusi\u00f3n\u00bb, patrocinado por ASEJU.<\/p>\n\n\n\n<p> La base del Proyecto Objetivo Inclusi\u00f3n son dos preguntas claves: \u00bfTengo una IDEA de negocio viable? \u00bfSoy YO viable para la idea?. Una vez respondidas estas dos preguntas, iniciamos la primera etapa de la tercera fase del proyecto. Transformamos de nuevo la sala de Amaltea para tener un espacio de trabajo y reunirnos con un grupo de mujeres para comenzar a recolectar los datos necesarios para elaborar el Plan de Negocio. Lo mejor de la reuni\u00f3n: ver c\u00f3mo estas valientes mujeres se enfrentan a sus miedos e incertidumbres delante de la pantalla de un ordenador, algo no muy habitual en sus situaci\u00f3n actual. Pero lo m\u00e1s gratificante es ver c\u00f3mo se ayudan unas a otras, no compiten, son ALIADAS y tejen redes para ayudarse a triunfar.<\/p>\n","protected":false},"excerpt":{"rendered":"<p>Iniciamos la tercera fase del Proyecto de empoderamiento de mujeres en riesgo de exclusi\u00f3n, \u00abObjetivo Inclusi\u00f3n\u00bb, patrocinado por ASEJU. La base del Proyecto Objetivo Inclusi\u00f3n son dos preguntas claves: \u00bfTengo una IDEA de negocio viable? \u00bfSoy YO viable para la idea?. Una vez respondidas estas dos preguntas, iniciamos la primera etapa de la tercera fase del proyecto. Transformamos de nuevo la sala de Amaltea para tener un espacio de trabajo y reunirnos con un grupo de mujeres para comenzar a recolectar los datos necesarios para elaborar el Plan de Negocio. Lo mejor de la reuni\u00f3n: ver c\u00f3mo estas valientes mujeres se enfrentan a sus miedos e incertidumbres delante de la [&hellip;]<\/p>\n","protected":false},"author":1,"featured_media":905,"comment_status":"open","ping_status":"open","sticky":false,"template":"","format":"standard","meta":{"site-sidebar-layout":"default","site-content-layout":"","ast-site-content-layout":"default","site-content-style":"default","site-sidebar-style":"default","ast-global-header-display":"","ast-banner-title-visibility":"","ast-main-header-display":"","ast-hfb-above-header-display":"","ast-hfb-below-header-display":"","ast-hfb-mobile-header-display":"","site-post-title":"","ast-breadcrumbs-content":"","ast-featured-img":"","footer-sml-layout":"","theme-transparent-header-meta":"","adv-header-id-meta":"","stick-header-meta":"","header-above-stick-meta":"","header-main-stick-meta":"","header-below-stick-meta":"","astra-migrate-meta-layouts":"default","ast-page-background-enabled":"default","ast-page-background-meta":{"desktop":{"background-color":"var(--ast-global-color-5)","background-image":"","background-repeat":"repeat","background-position":"center center","background-size":"auto","background-attachment":"scroll","background-type":"","background-media":"","overlay-type":"","overlay-color":"","overlay-opacity":"","overlay-gradient":""},"tablet":{"background-color":"","background-image":"","background-repeat":"repeat","background-position":"center center","background-size":"auto","background-attachment":"scroll","background-type":"","background-media":"","overlay-type":"","overlay-color":"","overlay-opacity":"","overlay-gradient":""},"mobile":{"background-color":"","background-image":"","background-repeat":"repeat","background-position":"center center","background-size":"auto","background-attachment":"scroll","background-type":"","background-media":"","overlay-type":"","overlay-color":"","overlay-opacity":"","overlay-gradient":""}},"ast-content-background-meta":{"desktop":{"background-color":"var(--ast-global-color-4)","background-image":"","background-repeat":"repeat","background-position":"center center","background-size":"auto","background-attachment":"scroll","background-type":"","background-media":"","overlay-type":"","overlay-color":"","overlay-opacity":"","overlay-gradient":""},"tablet":{"background-color":"var(--ast-global-color-4)","background-image":"","background-repeat":"repeat","background-position":"center center","background-size":"auto","background-attachment":"scroll","background-type":"","background-media":"","overlay-type":"","overlay-color":"","overlay-opacity":"","overlay-gradient":""},"mobile":{"background-color":"var(--ast-global-color-4)","background-image":"","background-repeat":"repeat","background-position":"center center","background-size":"auto","background-attachment":"scroll","background-type":"","background-media":"","overlay-type":"","overlay-color":"","overlay-opacity":"","overlay-gradient":""}},"footnotes":""},"categories":[14,16],"tags":[17],"class_list":["post-904","post","type-post","status-publish","format-standard","has-post-thumbnail","hentry","category-actividades","category-proyecto-objetivo-inclusion","tag-objetivo-inclusion"],"_links":{"self":[{"href":"http:\/\/amaltea-mujeres.org\/index.php?rest_route=\/wp\/v2\/posts\/904","targetHints":{"allow":["GET"]}}],"collection":[{"href":"http:\/\/amaltea-mujeres.org\/index.php?rest_route=\/wp\/v2\/posts"}],"about":[{"href":"http:\/\/amaltea-mujeres.org\/index.php?rest_route=\/wp\/v2\/types\/post"}],"author":[{"embeddable":true,"href":"http:\/\/amaltea-mujeres.org\/index.php?rest_route=\/wp\/v2\/users\/1"}],"replies":[{"embeddable":true,"href":"http:\/\/amaltea-mujeres.org\/index.php?rest_route=%2Fwp%2Fv2%2Fcomments&post=904"}],"version-history":[{"count":3,"href":"http:\/\/amaltea-mujeres.org\/index.php?rest_route=\/wp\/v2\/posts\/904\/revisions"}],"predecessor-version":[{"id":912,"href":"http:\/\/amaltea-mujeres.org\/index.php?rest_route=\/wp\/v2\/posts\/904\/revisions\/912"}],"wp:featuredmedia":[{"embeddable":true,"href":"http:\/\/amaltea-mujeres.org\/index.php?rest_route=\/wp\/v2\/media\/905"}],"wp:attachment":[{"href":"http:\/\/amaltea-mujeres.org\/index.php?rest_route=%2Fwp%2Fv2%2Fmedia&parent=904"}],"wp:term":[{"taxonomy":"category","embeddable":true,"href":"http:\/\/amaltea-mujeres.org\/index.php?rest_route=%2Fwp%2Fv2%2Fcategories&post=904"},{"taxonomy":"post_tag","embeddable":true,"href":"http:\/\/amaltea-mujeres.org\/index.php?rest_route=%2Fwp%2Fv2%2Ftags&post=904"}],"curies":[{"name":"wp","href":"https:\/\/api.w.org\/{rel}","templated":true}]}}