{"id":848,"date":"2019-02-04T22:29:20","date_gmt":"2019-02-04T21:29:20","guid":{"rendered":"http:\/\/amaltea-mujeres.org\/?p=848"},"modified":"2019-02-08T00:57:57","modified_gmt":"2019-02-07T23:57:57","slug":"reunion-con-las-mujeres-participantes-el-proyecto-objetivo-inclusion-patrocinado-por-aseju-inicio-de-la-segunda-actividad","status":"publish","type":"post","link":"http:\/\/amaltea-mujeres.org\/?p=848","title":{"rendered":"Reuni\u00f3n con las mujeres participantes en el proyecto Objetivo Inclusi\u00f3n patrocinado por ASEJU: inicio de la segunda actividad"},"content":{"rendered":"<p align=\"justify\">Nos reunimos con un grupo de mujeres para iniciar la segunda fase del&nbsp;Proyecto de empoderamiento de mujeres en riesgo de exclusi\u00f3n, \u00abObjetivo&nbsp;Inclusi\u00f3n\u00bb, patrocinado por ASEJU.<\/p>\n<p align=\"justify\">Arrancamos en el mes de Octubre muy ilusionadas con este Proyecto y seg\u00fan vamos dando pasos y avanzando nos ilusiona m\u00e1s si cabe. Hemos comenzado el a\u00f1o y con \u00e9l la segunda etapa del Proyecto Objetivo Inclusi\u00f3n, en el que mediante entrevistas personales analizamos el perfil emprendedor y vamos perfilando las primeras ideas de sus futuros negocios. Apoyamos estas entrevistas con charlas en las que se formulan preguntas como \u00bfQu\u00e9 tipo de negocio quiero emprender? \u00bfCuales van a ser mis clientes? \u00bfHay competencia en la zona donde me quiero establecer? y la no menos importante: \u00bfQu\u00e9 ofrece mi negocio diferente de la competencia? todas ellas preguntas claves para lograr el OBJETIVO FINAL: el \u00e9xito de sus negocios y por extensi\u00f3n el EMPODERAMIENTO de mujeres en riesgo de exclusi\u00f3n. Gracias ASEJU por hacerlo posible.<\/p>\n<p align=\"justify\"><a href=\"http:\/\/amaltea-mujeres.org\/wp-content\/uploads\/2019\/02\/fotosacto.pdf\" target=\"_blank\" rel=\"noopener\">Fotos del acto<\/a><\/p>\n<p>&nbsp;<\/p>\n<p>&nbsp;<\/p>\n","protected":false},"excerpt":{"rendered":"<p>Nos reunimos con un grupo de mujeres para iniciar la segunda fase del&nbsp;Proyecto de empoderamiento de mujeres en riesgo de exclusi\u00f3n, \u00abObjetivo&nbsp;Inclusi\u00f3n\u00bb, patrocinado por ASEJU. Arrancamos en el mes de Octubre muy ilusionadas con este Proyecto y seg\u00fan vamos dando pasos y avanzando nos ilusiona m\u00e1s si cabe. Hemos comenzado el a\u00f1o y con \u00e9l la segunda etapa del Proyecto Objetivo Inclusi\u00f3n, en el que mediante entrevistas personales analizamos el perfil emprendedor y vamos perfilando las primeras ideas de sus futuros negocios. Apoyamos estas entrevistas con charlas en las que se formulan preguntas como \u00bfQu\u00e9 tipo de negocio quiero emprender? \u00bfCuales van a ser mis clientes? \u00bfHay competencia en la [&hellip;]<\/p>\n","protected":false},"author":1,"featured_media":851,"comment_status":"open","ping_status":"open","sticky":false,"template":"","format":"standard","meta":{"site-sidebar-layout":"default","site-content-layout":"","ast-site-content-layout":"default","site-content-style":"default","site-sidebar-style":"default","ast-global-header-display":"","ast-banner-title-visibility":"","ast-main-header-display":"","ast-hfb-above-header-display":"","ast-hfb-below-header-display":"","ast-hfb-mobile-header-display":"","site-post-title":"","ast-breadcrumbs-content":"","ast-featured-img":"","footer-sml-layout":"","theme-transparent-header-meta":"","adv-header-id-meta":"","stick-header-meta":"","header-above-stick-meta":"","header-main-stick-meta":"","header-below-stick-meta":"","astra-migrate-meta-layouts":"default","ast-page-background-enabled":"default","ast-page-background-meta":{"desktop":{"background-color":"var(--ast-global-color-5)","background-image":"","background-repeat":"repeat","background-position":"center center","background-size":"auto","background-attachment":"scroll","background-type":"","background-media":"","overlay-type":"","overlay-color":"","overlay-opacity":"","overlay-gradient":""},"tablet":{"background-color":"","background-image":"","background-repeat":"repeat","background-position":"center center","background-size":"auto","background-attachment":"scroll","background-type":"","background-media":"","overlay-type":"","overlay-color":"","overlay-opacity":"","overlay-gradient":""},"mobile":{"background-color":"","background-image":"","background-repeat":"repeat","background-position":"center center","background-size":"auto","background-attachment":"scroll","background-type":"","background-media":"","overlay-type":"","overlay-color":"","overlay-opacity":"","overlay-gradient":""}},"ast-content-background-meta":{"desktop":{"background-color":"var(--ast-global-color-4)","background-image":"","background-repeat":"repeat","background-position":"center center","background-size":"auto","background-attachment":"scroll","background-type":"","background-media":"","overlay-type":"","overlay-color":"","overlay-opacity":"","overlay-gradient":""},"tablet":{"background-color":"var(--ast-global-color-4)","background-image":"","background-repeat":"repeat","background-position":"center center","background-size":"auto","background-attachment":"scroll","background-type":"","background-media":"","overlay-type":"","overlay-color":"","overlay-opacity":"","overlay-gradient":""},"mobile":{"background-color":"var(--ast-global-color-4)","background-image":"","background-repeat":"repeat","background-position":"center center","background-size":"auto","background-attachment":"scroll","background-type":"","background-media":"","overlay-type":"","overlay-color":"","overlay-opacity":"","overlay-gradient":""}},"footnotes":""},"categories":[14,16],"tags":[],"class_list":["post-848","post","type-post","status-publish","format-standard","has-post-thumbnail","hentry","category-actividades","category-proyecto-objetivo-inclusion"],"_links":{"self":[{"href":"http:\/\/amaltea-mujeres.org\/index.php?rest_route=\/wp\/v2\/posts\/848","targetHints":{"allow":["GET"]}}],"collection":[{"href":"http:\/\/amaltea-mujeres.org\/index.php?rest_route=\/wp\/v2\/posts"}],"about":[{"href":"http:\/\/amaltea-mujeres.org\/index.php?rest_route=\/wp\/v2\/types\/post"}],"author":[{"embeddable":true,"href":"http:\/\/amaltea-mujeres.org\/index.php?rest_route=\/wp\/v2\/users\/1"}],"replies":[{"embeddable":true,"href":"http:\/\/amaltea-mujeres.org\/index.php?rest_route=%2Fwp%2Fv2%2Fcomments&post=848"}],"version-history":[{"count":6,"href":"http:\/\/amaltea-mujeres.org\/index.php?rest_route=\/wp\/v2\/posts\/848\/revisions"}],"predecessor-version":[{"id":860,"href":"http:\/\/amaltea-mujeres.org\/index.php?rest_route=\/wp\/v2\/posts\/848\/revisions\/860"}],"wp:featuredmedia":[{"embeddable":true,"href":"http:\/\/amaltea-mujeres.org\/index.php?rest_route=\/wp\/v2\/media\/851"}],"wp:attachment":[{"href":"http:\/\/amaltea-mujeres.org\/index.php?rest_route=%2Fwp%2Fv2%2Fmedia&parent=848"}],"wp:term":[{"taxonomy":"category","embeddable":true,"href":"http:\/\/amaltea-mujeres.org\/index.php?rest_route=%2Fwp%2Fv2%2Fcategories&post=848"},{"taxonomy":"post_tag","embeddable":true,"href":"http:\/\/amaltea-mujeres.org\/index.php?rest_route=%2Fwp%2Fv2%2Ftags&post=848"}],"curies":[{"name":"wp","href":"https:\/\/api.w.org\/{rel}","templated":true}]}}