{"id":814,"date":"2018-10-27T01:30:55","date_gmt":"2018-10-26T23:30:55","guid":{"rendered":"http:\/\/amaltea-mujeres.org\/?p=814"},"modified":"2018-11-04T23:29:57","modified_gmt":"2018-11-04T22:29:57","slug":"primera-fase-de-trabajo-de-nuestro-proyecto-objetivoinclusion","status":"publish","type":"post","link":"http:\/\/amaltea-mujeres.org\/?p=814","title":{"rendered":"Primera Fase de trabajo de nuestro Proyecto \u201cObjetivo:Inclusi\u00f3n\u201d &#8211; patrocinado por ASEJU"},"content":{"rendered":"<p>Hemos tenido la Primera Fase de trabajo de nuestro Proyecto \u201cObjetivo:Inclusi\u00f3n\u201d, patrocinado por ASEJU, con mujeres dominicanas lideradas por S\u00falgida Nin. Les hemos contado que nuestro proyecto es un proceso de empoderamiento particular por medio del cual se va a potenciar su capacidad para configurar sus propias vidas y entorno, trabajando desde la identidad, la autoestima y la autonom\u00eda personal, para superar las barreras que se encuentren en el camino. Estas mujeres estar\u00e1n acompa\u00f1adas en todo momento por nuestras t\u00e9cnicas y voluntarias. Seguimos construyendo nuestro sue\u00f1o!<\/p>\n<p>&nbsp;<\/p>\n<p><a href=\"http:\/\/bpw-madrid.org\/wp-content\/uploads\/2018\/10\/PHOTO-2018-11-03-11-51-20.jpg\"><img loading=\"lazy\" decoding=\"async\" class=\"aligncenter wp-image-905 size-large\" src=\"http:\/\/bpw-madrid.org\/wp-content\/uploads\/2018\/10\/PHOTO-2018-11-03-11-51-20-1024x768.jpg\" alt=\"\" width=\"1024\" height=\"768\" \/><\/a><a href=\"http:\/\/bpw-madrid.org\/wp-content\/uploads\/2018\/10\/PHOTO-2018-11-03-11-51-20-4.jpg\"><img loading=\"lazy\" decoding=\"async\" class=\"aligncenter wp-image-904 size-large\" src=\"http:\/\/bpw-madrid.org\/wp-content\/uploads\/2018\/10\/PHOTO-2018-11-03-11-51-20-4-1024x768.jpg\" alt=\"\" width=\"1024\" height=\"768\" \/><\/a><a href=\"http:\/\/bpw-madrid.org\/wp-content\/uploads\/2018\/10\/PHOTO-2018-11-03-11-51-18.jpg\"><img loading=\"lazy\" decoding=\"async\" class=\"aligncenter size-large wp-image-898\" src=\"http:\/\/bpw-madrid.org\/wp-content\/uploads\/2018\/10\/PHOTO-2018-11-03-11-51-18-1024x768.jpg\" alt=\"\" width=\"1024\" height=\"768\" \/><\/a><\/p>\n","protected":false},"excerpt":{"rendered":"<p>Hemos tenido la Primera Fase de trabajo de nuestro Proyecto \u201cObjetivo:Inclusi\u00f3n\u201d, patrocinado por ASEJU, con mujeres dominicanas lideradas por S\u00falgida Nin. Les hemos contado que nuestro proyecto es un proceso de empoderamiento particular por medio del cual se va a potenciar su capacidad para configurar sus propias vidas y entorno, trabajando desde la identidad, la autoestima y la autonom\u00eda personal, para superar las barreras que se encuentren en el camino. Estas mujeres estar\u00e1n acompa\u00f1adas en todo momento por nuestras t\u00e9cnicas y voluntarias. Seguimos construyendo nuestro sue\u00f1o! &nbsp;<\/p>\n","protected":false},"author":1,"featured_media":0,"comment_status":"open","ping_status":"open","sticky":false,"template":"","format":"standard","meta":{"site-sidebar-layout":"default","site-content-layout":"","ast-site-content-layout":"default","site-content-style":"default","site-sidebar-style":"default","ast-global-header-display":"","ast-banner-title-visibility":"","ast-main-header-display":"","ast-hfb-above-header-display":"","ast-hfb-below-header-display":"","ast-hfb-mobile-header-display":"","site-post-title":"","ast-breadcrumbs-content":"","ast-featured-img":"","footer-sml-layout":"","theme-transparent-header-meta":"","adv-header-id-meta":"","stick-header-meta":"","header-above-stick-meta":"","header-main-stick-meta":"","header-below-stick-meta":"","astra-migrate-meta-layouts":"default","ast-page-background-enabled":"default","ast-page-background-meta":{"desktop":{"background-color":"var(--ast-global-color-5)","background-image":"","background-repeat":"repeat","background-position":"center center","background-size":"auto","background-attachment":"scroll","background-type":"","background-media":"","overlay-type":"","overlay-color":"","overlay-opacity":"","overlay-gradient":""},"tablet":{"background-color":"","background-image":"","background-repeat":"repeat","background-position":"center center","background-size":"auto","background-attachment":"scroll","background-type":"","background-media":"","overlay-type":"","overlay-color":"","overlay-opacity":"","overlay-gradient":""},"mobile":{"background-color":"","background-image":"","background-repeat":"repeat","background-position":"center center","background-size":"auto","background-attachment":"scroll","background-type":"","background-media":"","overlay-type":"","overlay-color":"","overlay-opacity":"","overlay-gradient":""}},"ast-content-background-meta":{"desktop":{"background-color":"var(--ast-global-color-4)","background-image":"","background-repeat":"repeat","background-position":"center center","background-size":"auto","background-attachment":"scroll","background-type":"","background-media":"","overlay-type":"","overlay-color":"","overlay-opacity":"","overlay-gradient":""},"tablet":{"background-color":"var(--ast-global-color-4)","background-image":"","background-repeat":"repeat","background-position":"center center","background-size":"auto","background-attachment":"scroll","background-type":"","background-media":"","overlay-type":"","overlay-color":"","overlay-opacity":"","overlay-gradient":""},"mobile":{"background-color":"var(--ast-global-color-4)","background-image":"","background-repeat":"repeat","background-position":"center center","background-size":"auto","background-attachment":"scroll","background-type":"","background-media":"","overlay-type":"","overlay-color":"","overlay-opacity":"","overlay-gradient":""}},"footnotes":""},"categories":[14,16],"tags":[],"class_list":["post-814","post","type-post","status-publish","format-standard","hentry","category-actividades","category-proyecto-objetivo-inclusion"],"_links":{"self":[{"href":"http:\/\/amaltea-mujeres.org\/index.php?rest_route=\/wp\/v2\/posts\/814","targetHints":{"allow":["GET"]}}],"collection":[{"href":"http:\/\/amaltea-mujeres.org\/index.php?rest_route=\/wp\/v2\/posts"}],"about":[{"href":"http:\/\/amaltea-mujeres.org\/index.php?rest_route=\/wp\/v2\/types\/post"}],"author":[{"embeddable":true,"href":"http:\/\/amaltea-mujeres.org\/index.php?rest_route=\/wp\/v2\/users\/1"}],"replies":[{"embeddable":true,"href":"http:\/\/amaltea-mujeres.org\/index.php?rest_route=%2Fwp%2Fv2%2Fcomments&post=814"}],"version-history":[{"count":3,"href":"http:\/\/amaltea-mujeres.org\/index.php?rest_route=\/wp\/v2\/posts\/814\/revisions"}],"predecessor-version":[{"id":829,"href":"http:\/\/amaltea-mujeres.org\/index.php?rest_route=\/wp\/v2\/posts\/814\/revisions\/829"}],"wp:attachment":[{"href":"http:\/\/amaltea-mujeres.org\/index.php?rest_route=%2Fwp%2Fv2%2Fmedia&parent=814"}],"wp:term":[{"taxonomy":"category","embeddable":true,"href":"http:\/\/amaltea-mujeres.org\/index.php?rest_route=%2Fwp%2Fv2%2Fcategories&post=814"},{"taxonomy":"post_tag","embeddable":true,"href":"http:\/\/amaltea-mujeres.org\/index.php?rest_route=%2Fwp%2Fv2%2Ftags&post=814"}],"curies":[{"name":"wp","href":"https:\/\/api.w.org\/{rel}","templated":true}]}}